{"id":6981,"date":"2023-07-09T07:09:16","date_gmt":"2023-07-09T07:09:16","guid":{"rendered":"https:\/\/gms-nikola-passau.de\/?p=6981"},"modified":"2023-07-09T07:09:16","modified_gmt":"2023-07-09T07:09:16","slug":"sportfest-und-sportlerehrung-klassen-1-bis-4-grundschule-16-07-2023","status":"publish","type":"post","link":"https:\/\/gms-nikola-passau.de\/?p=6981","title":{"rendered":"Sportfest und Sportlerehrung (Klassen 1 bis 4) Grundschule, 16.07.2023"},"content":{"rendered":"<div class=\"fusion-fullwidth fullwidth-box fusion-builder-row-1 fusion-flex-container has-pattern-background has-mask-background nonhundred-percent-fullwidth non-hundred-percent-height-scrolling\" style=\"--awb-border-radius-top-left:0px;--awb-border-radius-top-right:0px;--awb-border-radius-bottom-right:0px;--awb-border-radius-bottom-left:0px;--awb-flex-wrap:wrap;\" ><div class=\"fusion-builder-row fusion-row fusion-flex-align-items-flex-start fusion-flex-content-wrap\" style=\"max-width:1216.8px;margin-left: calc(-4% \/ 2 );margin-right: calc(-4% \/ 2 );\"><div class=\"fusion-layout-column fusion_builder_column fusion-builder-column-0 fusion_builder_column_1_1 1_1 fusion-flex-column\" style=\"--awb-bg-size:cover;--awb-width-large:100%;--awb-margin-top-large:0px;--awb-spacing-right-large:1.92%;--awb-margin-bottom-large:20px;--awb-spacing-left-large:1.92%;--awb-width-medium:100%;--awb-order-medium:0;--awb-spacing-right-medium:1.92%;--awb-spacing-left-medium:1.92%;--awb-width-small:100%;--awb-order-small:0;--awb-spacing-right-small:1.92%;--awb-spacing-left-small:1.92%;\"><div class=\"fusion-column-wrapper fusion-column-has-shadow fusion-flex-justify-content-flex-start fusion-content-layout-column\"><div class=\"fusion-text fusion-text-1\"><\/div><div class=\"fusion-text fusion-text-2\"><h4>Sportfest der Grundschule<\/h4>\n<h4>Am Dienstag, den 20. Juni 2023 fand das Sportfest der Grundschule St. Nikola auf dem Jahnsportplatz in der Innstadt statt. Unter strahlend blauem Himmel und hei\u00dfen Temperaturen hatten die Sch\u00fclerinnen und Sch\u00fcler die Gelegenheit, ihre sportlichen F\u00e4higkeiten unter Beweis zu stellen. Neben bekannten leichtathletischen Disziplinen wie Weitsprung, Sprint und Weitwurf, konnten die Kinder auch mit Langstreckenl\u00e4ufen \u00fcber 800 Meter f\u00fcr die M\u00e4dchen und 1000 Meter f\u00fcr die Buben Punkte sammeln.<\/h4>\n<h4>Vielen Dank den Sch\u00fclerinnen und Sch\u00fclern aus der Mittelschule, die durch ihre Hilfe zum Gelingen des Sportfestes beigetragen haben.<\/h4>\n<h4>Die Leichtathletik Stadtmeisterschaften der Passauer Grundschulen fanden am Donnerstag, den 07.06.2023 im Dreifl\u00fcssestadion statt. Aus den Klassen 3 und 4 traten jeweils vier Buben und vier M\u00e4dchen aus insgesamt acht Grundschulen in sechs Disziplinen gegeneinander an. Er\u00f6ffnet wurden die Wettk\u00e4mpfe mit einer Geschicklichkeitsstaffel, in der unsere Sch\u00fclerinnen und Sch\u00fcler schon gut starteten. Anschlie\u00dfend ging es mit einer Pendelstaffel im Sackh\u00fcpfen weiter, bevor unsere Mittelstreckenbesten bei einer Ausdauerstaffel vollen Einsatz zeigten. Abschlie\u00dfend fanden noch die Dreik\u00e4mpfe im herk\u00f6mmlichen Sinn statt: Weitsprung, Weitwurf und 50m Sprint. Trotz herausragender Einzelleistungen und einem hervorragenden Team- und Wettkampfgeist konnten wir keinen Medaillenplatz erreichen. Kinder wie Betreuer freuten sich dennoch \u00fcber einen 6. Platz an diesem hei\u00dfen Sommertag im Stadion.<\/h4>\n<h4><\/h4>\n<h4>Ehre, wem Ehre geb\u00fchrt<\/h4>\n<h4>Im Rahmen einer kleinen, schulinternen Siegerehrung wurden am Freitag, den 07.07.2023 den jeweils besten Leichtathleten aus allen vier Jahrgangsstufen ihre Urkunden \u00fcberreicht.<\/h4>\n<h4>Im Einzelnen d\u00fcrfen hier genannt werden:<\/h4>\n<ul>\n<li>\n<h4>aus der 1. Klasse: Fatoumata und Elias<\/h4>\n<\/li>\n<li>\n<h4>aus der 2. Klasse: Sana und Baben<\/h4>\n<\/li>\n<li>\n<h4>aus der 3. Klasse: Charlotte und Sebastian<\/h4>\n<\/li>\n<li>\n<h4>aus der 4. Klasse: Magdalena und Clemens<\/h4>\n<\/li>\n<\/ul>\n<h4>Die ganze Schulfamilie gratuliert herzlich zu den ausgezeichneten sportlichen Leistungen.<\/h4>\n<h4>(Artikel und Bilder: A. Wildenauer &amp; L. Jonas)<\/h4>\n<\/div><div class=\"fusion-text fusion-text-3\"><\/div><div class=\"awb-gallery-wrapper awb-gallery-wrapper-1 button-span-no\" style=\"--more-btn-alignment:center;\"><div style=\"margin:-5px;--awb-bordersize:0px;\" class=\"fusion-gallery fusion-gallery-container fusion-grid-3 fusion-columns-total-2 fusion-gallery-layout-grid fusion-gallery-1\"><div style=\"padding:5px;\" class=\"fusion-grid-column fusion-gallery-column fusion-gallery-column-3 hover-type-none\"><div class=\"fusion-gallery-image\"><a href=\"https:\/\/gms-nikola-passau.de\/wp-content\/uploads\/2023\/07\/SportlerInnen-GS-scaled.jpg\" rel=\"noreferrer\" data-rel=\"iLightbox[gallery_image_1]\" class=\"fusion-lightbox\" target=\"_self\"><img decoding=\"async\" src=\"https:\/\/gms-nikola-passau.de\/wp-content\/uploads\/2023\/07\/SportlerInnen-GS-scaled.jpg\" data-orig-src=\"https:\/\/gms-nikola-passau.de\/wp-content\/uploads\/2023\/07\/SportlerInnen-GS-scaled.jpg\" width=\"2560\" height=\"1920\" alt=\"\" title=\"SportlerInnen GS\" aria-label=\"SportlerInnen GS\" class=\"lazyload img-responsive wp-image-6983\" srcset=\"data:image\/svg+xml,%3Csvg%20xmlns%3D%27http%3A%2F%2Fwww.w3.org%2F2000%2Fsvg%27%20width%3D%272560%27%20height%3D%271920%27%20viewBox%3D%270%200%202560%201920%27%3E%3Crect%20width%3D%272560%27%20height%3D%271920%27%20fill-opacity%3D%220%22%2F%3E%3C%2Fsvg%3E\" data-srcset=\"https:\/\/gms-nikola-passau.de\/wp-content\/uploads\/2023\/07\/SportlerInnen-GS-200x150.jpg 200w, https:\/\/gms-nikola-passau.de\/wp-content\/uploads\/2023\/07\/SportlerInnen-GS-400x300.jpg 400w, https:\/\/gms-nikola-passau.de\/wp-content\/uploads\/2023\/07\/SportlerInnen-GS-600x450.jpg 600w, https:\/\/gms-nikola-passau.de\/wp-content\/uploads\/2023\/07\/SportlerInnen-GS-800x600.jpg 800w, https:\/\/gms-nikola-passau.de\/wp-content\/uploads\/2023\/07\/SportlerInnen-GS-1200x900.jpg 1200w, https:\/\/gms-nikola-passau.de\/wp-content\/uploads\/2023\/07\/SportlerInnen-GS-scaled.jpg 2560w\" data-sizes=\"auto\" data-orig-sizes=\"(min-width: 2200px) 100vw, (min-width: 824px) 387px, (min-width: 732px) 580px, (min-width: 640px) 732px, \" \/><\/a><\/div><\/div><div style=\"padding:5px;\" class=\"fusion-grid-column fusion-gallery-column fusion-gallery-column-3 hover-type-none\"><div class=\"fusion-gallery-image\"><a href=\"https:\/\/gms-nikola-passau.de\/wp-content\/uploads\/2023\/07\/Schulmannschaft-LA-Stadtmeisterschaften.jpg\" rel=\"noreferrer\" data-rel=\"iLightbox[gallery_image_1]\" class=\"fusion-lightbox\" target=\"_self\"><img decoding=\"async\" src=\"https:\/\/gms-nikola-passau.de\/wp-content\/uploads\/2023\/07\/Schulmannschaft-LA-Stadtmeisterschaften.jpg\" data-orig-src=\"https:\/\/gms-nikola-passau.de\/wp-content\/uploads\/2023\/07\/Schulmannschaft-LA-Stadtmeisterschaften.jpg\" width=\"1549\" height=\"1576\" alt=\"\" title=\"Schulmannschaft LA Stadtmeisterschaften\" aria-label=\"Schulmannschaft LA Stadtmeisterschaften\" class=\"lazyload img-responsive wp-image-6982\" srcset=\"data:image\/svg+xml,%3Csvg%20xmlns%3D%27http%3A%2F%2Fwww.w3.org%2F2000%2Fsvg%27%20width%3D%271549%27%20height%3D%271576%27%20viewBox%3D%270%200%201549%201576%27%3E%3Crect%20width%3D%271549%27%20height%3D%271576%27%20fill-opacity%3D%220%22%2F%3E%3C%2Fsvg%3E\" data-srcset=\"https:\/\/gms-nikola-passau.de\/wp-content\/uploads\/2023\/07\/Schulmannschaft-LA-Stadtmeisterschaften-200x203.jpg 200w, https:\/\/gms-nikola-passau.de\/wp-content\/uploads\/2023\/07\/Schulmannschaft-LA-Stadtmeisterschaften-400x407.jpg 400w, https:\/\/gms-nikola-passau.de\/wp-content\/uploads\/2023\/07\/Schulmannschaft-LA-Stadtmeisterschaften-600x610.jpg 600w, https:\/\/gms-nikola-passau.de\/wp-content\/uploads\/2023\/07\/Schulmannschaft-LA-Stadtmeisterschaften-800x814.jpg 800w, https:\/\/gms-nikola-passau.de\/wp-content\/uploads\/2023\/07\/Schulmannschaft-LA-Stadtmeisterschaften-1200x1221.jpg 1200w, https:\/\/gms-nikola-passau.de\/wp-content\/uploads\/2023\/07\/Schulmannschaft-LA-Stadtmeisterschaften.jpg 1549w\" data-sizes=\"auto\" data-orig-sizes=\"(min-width: 2200px) 100vw, (min-width: 824px) 387px, (min-width: 732px) 580px, (min-width: 640px) 732px, \" \/><\/a><\/div><\/div><\/div><\/div><\/div><\/div><\/div><\/div>\n","protected":false},"excerpt":{"rendered":"","protected":false},"author":1,"featured_media":6983,"comment_status":"open","ping_status":"open","sticky":false,"template":"","format":"standard","meta":{"footnotes":""},"categories":[1],"tags":[],"class_list":["post-6981","post","type-post","status-publish","format-standard","has-post-thumbnail","hentry","category-uncategorized"],"_links":{"self":[{"href":"https:\/\/gms-nikola-passau.de\/index.php?rest_route=\/wp\/v2\/posts\/6981","targetHints":{"allow":["GET"]}}],"collection":[{"href":"https:\/\/gms-nikola-passau.de\/index.php?rest_route=\/wp\/v2\/posts"}],"about":[{"href":"https:\/\/gms-nikola-passau.de\/index.php?rest_route=\/wp\/v2\/types\/post"}],"author":[{"embeddable":true,"href":"https:\/\/gms-nikola-passau.de\/index.php?rest_route=\/wp\/v2\/users\/1"}],"replies":[{"embeddable":true,"href":"https:\/\/gms-nikola-passau.de\/index.php?rest_route=%2Fwp%2Fv2%2Fcomments&post=6981"}],"version-history":[{"count":1,"href":"https:\/\/gms-nikola-passau.de\/index.php?rest_route=\/wp\/v2\/posts\/6981\/revisions"}],"predecessor-version":[{"id":6984,"href":"https:\/\/gms-nikola-passau.de\/index.php?rest_route=\/wp\/v2\/posts\/6981\/revisions\/6984"}],"wp:featuredmedia":[{"embeddable":true,"href":"https:\/\/gms-nikola-passau.de\/index.php?rest_route=\/wp\/v2\/media\/6983"}],"wp:attachment":[{"href":"https:\/\/gms-nikola-passau.de\/index.php?rest_route=%2Fwp%2Fv2%2Fmedia&parent=6981"}],"wp:term":[{"taxonomy":"category","embeddable":true,"href":"https:\/\/gms-nikola-passau.de\/index.php?rest_route=%2Fwp%2Fv2%2Fcategories&post=6981"},{"taxonomy":"post_tag","embeddable":true,"href":"https:\/\/gms-nikola-passau.de\/index.php?rest_route=%2Fwp%2Fv2%2Ftags&post=6981"}],"curies":[{"name":"wp","href":"https:\/\/api.w.org\/{rel}","templated":true}]}}